{"id":7294,"date":"2020-11-14T15:14:18","date_gmt":"2020-11-14T15:14:18","guid":{"rendered":"https:\/\/serviciosfg.com\/blog\/?p=7294"},"modified":"2020-11-14T15:16:45","modified_gmt":"2020-11-14T15:16:45","slug":"funeraria-gijonesa-un-motor-de-la-ciudad-a-traves-de-la-innovacion-social-y-corporativa","status":"publish","type":"post","link":"https:\/\/serviciosfg.com\/blog\/funeraria-gijonesa-un-motor-de-la-ciudad-a-traves-de-la-innovacion-social-y-corporativa\/","title":{"rendered":"Funeraria Gijonesa, un motor de la ciudad a trav\u00e9s de la innovaci\u00f3n social y corporativa"},"content":{"rendered":"<p>Os compartimos una entrevista que realiz\u00f3 <a href=\"https:\/\/www.innovasturias.org\/\" target=\"_blank\" rel=\"noopener noreferrer\">Innovasturias<\/a> a nuestro Presidente Javier Fano Herrero.<\/p>\n<p><strong>Buenos d\u00edas Javier. \u00bfPod\u00edas explicar a nuestros lectores c\u00f3mo funciona Funeraria Gijonesa y su dedicaci\u00f3n?<\/strong><\/p>\n<p>Esa es una muy buena pregunta, y la respuesta puede no ser tan simple. Si nos limitamos a la definici\u00f3n de convenio, somos \u201cpompas f\u00fanebres\u201d, pero creo poder afirmar que funeraria gijonesa, por su\u00a0<strong>perfil innovador<\/strong>\u00a0y su vocaci\u00f3n de\u00a0<strong>servicio a la sociedad<\/strong>, se diferencia notablemente de las caracter\u00edsticas asociadas a este sector. Una definici\u00f3n m\u00e1s acertada ser\u00eda, la de \u201cempresa de servicios al individuo que podr\u00edamos clasificar seg\u00fan diferentes funciones\u201d. Desde un punto de vista social,\u00a0<strong>Funeraria Gijonesa<\/strong>\u00a0remonta sus or\u00edgenes al a\u00f1o\u00a0<strong>1874<\/strong>\u00a0cuando las necesidades higi\u00e9nico-sanitarias de la \u00e9poca, daban lugar al desarrollo de los servicios funerarios organizados.<\/p>\n<p>El<strong>\u00a0Tanatorio de Gij\u00f3n-Cabue\u00f1es (1993)<\/strong>, fue la mayor<strong>\u00a0innovaci\u00f3n social<\/strong>, hasta la fecha, en los usos y costumbres de los servicios funerarios. (Anteriormente el domicilio era el escenario principal). Nuestros centros, inevitablemente, los asociamos a momentos emocionales dif\u00edciles. Pero m\u00e1s all\u00e1, de la propia experiencia personal, son joyas arquitect\u00f3nicas, El complejo de\u00a0<strong>Cabue\u00f1es<\/strong>, concebido como edificio inteligente, rinde homenaje al duelo con la misi\u00f3n de preservar la salud p\u00fablica y hacer m\u00e1s amables los momentos m\u00e1s duros a los que se enfrenta el ser humano.<br \/>\nEn esencia somos\u00a0<strong>personas<\/strong>\u00a0que\u00a0<strong>ayudamos<\/strong>,\u00a0<strong>asesoramos<\/strong>,\u00a0<strong>acompa\u00f1amos<\/strong>\u00a0y\u00a0<strong>guiamos<\/strong>\u00a0a otras\u00a0<strong>personas<\/strong>\u00a0en un momento necesario y complicado. Contamos con un equipo multidisciplinar entrenado en psicolog\u00eda y emergencias, donde prima la excelencia en la atenci\u00f3n a familiares y usuarios, velando por el riguroso y \u00e9tico cumplimiento de legalidad, la libertad de elecci\u00f3n y la no discriminaci\u00f3n.<\/p>\n<p><img fetchpriority=\"high\" decoding=\"async\" class=\"aligncenter wp-image-9427\" src=\"https:\/\/innovasturias.files.wordpress.com\/2019\/11\/image1.jpeg?w=480&amp;h=360\" sizes=\"(max-width: 480px) 100vw, 480px\" srcset=\"https:\/\/innovasturias.files.wordpress.com\/2019\/11\/image1.jpeg?w=480&amp;h=360 480w, https:\/\/innovasturias.files.wordpress.com\/2019\/11\/image1.jpeg?w=960&amp;h=720 960w, https:\/\/innovasturias.files.wordpress.com\/2019\/11\/image1.jpeg?w=150&amp;h=113 150w, https:\/\/innovasturias.files.wordpress.com\/2019\/11\/image1.jpeg?w=300&amp;h=225 300w, https:\/\/innovasturias.files.wordpress.com\/2019\/11\/image1.jpeg?w=768&amp;h=576 768w\" alt=\"image1.jpeg\" width=\"480\" height=\"360\" data-attachment-id=\"9427\" data-permalink=\"https:\/\/innovasturias.blog\/2019\/11\/19\/funeraria-gijonesa-un-motor-de-la-ciudad-a-traves-de-la-innovacion-social-y-corporativa\/image1\/\" data-orig-file=\"https:\/\/innovasturias.files.wordpress.com\/2019\/11\/image1.jpeg\" data-orig-size=\"4032,3024\" data-comments-opened=\"1\" data-image-meta=\"{&quot;aperture&quot;:&quot;0&quot;,&quot;credit&quot;:&quot;&quot;,&quot;camera&quot;:&quot;&quot;,&quot;caption&quot;:&quot;&quot;,&quot;created_timestamp&quot;:&quot;0&quot;,&quot;copyright&quot;:&quot;&quot;,&quot;focal_length&quot;:&quot;0&quot;,&quot;iso&quot;:&quot;0&quot;,&quot;shutter_speed&quot;:&quot;0&quot;,&quot;title&quot;:&quot;&quot;,&quot;orientation&quot;:&quot;1&quot;}\" data-image-title=\"image1\" data-image-description=\"\" data-medium-file=\"https:\/\/innovasturias.files.wordpress.com\/2019\/11\/image1.jpeg?w=300\" data-large-file=\"https:\/\/innovasturias.files.wordpress.com\/2019\/11\/image1.jpeg?w=630\" \/><\/p>\n<p><strong>\u00bfQu\u00e9 le impuls\u00f3 a asociarse a Innovasturias?<\/strong><\/p>\n<p>La decisi\u00f3n fue f\u00e1cil nada m\u00e1s conocer vuestro importante proyecto. Aunque innovamos internamente no \u00e9ramos conscientes de la\u00a0<strong>aportaci\u00f3n<\/strong>\u00a0que pod\u00edamos hacer al conjunto, por supuesto si de lo importante de que es ir\u00a0<strong>unidos<\/strong>. Funeraria Gijonesa es una\u00a0<strong>empresa familiar<\/strong>, de capital 100% Asturiano,\u00a0<strong>comprometida con la innovaci\u00f3n<\/strong>\u00a0y la mejora continua de la regi\u00f3n. Tambi\u00e9n somos un\u00a0<strong>agente<\/strong>, ahora m\u00e1s activo, de la\u00a0<strong>Milla del conocimiento<\/strong>. Nuestra pol\u00edtica de RSC se remonta muy atr\u00e1s, pero por la propia idiosincrasia del sector no parec\u00eda atractivo darle visibilidad. El sector funerario est\u00e1 rodeado de tab\u00fas pero nosotros analizamos necesidades y fijamos objetivos. Es nuestra forma de mejorar y aportar soluciones. Uno de nuestros retos es\u00a0<strong>convertir<\/strong>\u00a0el Complejo funerario de Gij\u00f3n \u2013 Cabue\u00f1es en un\u00a0<strong>referente<\/strong>\u00a0a nivel nacional. Como centro impulsor y dinamizador de la innovaci\u00f3n en los servicios funerarios, como factor clave para la\u00a0<strong>transformaci\u00f3n cultural<\/strong>\u00a0y una mejor comprensi\u00f3n\u00a0<strong>psicosocial<\/strong>\u00a0del duelo. Tambi\u00e9n potenciar nuestros centros como motores econ\u00f3micos de la regi\u00f3n, apoyando la innovaci\u00f3n, el talento y la mejora continua. Ver, crecer, hacer ese es vuestro lema para Asturias, pues\u00a0<strong>hag\u00e1moslo juntos<\/strong>.<\/p>\n<p><strong>\u00bfC\u00f3mo se vive la innovaci\u00f3n en el d\u00eda a d\u00eda de su organizaci\u00f3n?<\/strong><\/p>\n<p>Las aspiraciones y expectativas de los consumidores de servicios funerarios son infinitas y variopintas. Entre la\u00a0<strong>tradici\u00f3n y la innovaci\u00f3n<\/strong>, se mezclan todo tipo de aspectos emocionales (sociol\u00f3gicos, psicol\u00f3gicos, antropol\u00f3gicos, simb\u00f3licos, religiosos, ecol\u00f3gicos, y un sinf\u00edn de etc.) estando presentes necesidades (arquitect\u00f3nicas, econ\u00f3micos, legales, culturales,\u2026). La aparici\u00f3n de nuevas unidades familiares, la mezcla de culturas y generaciones -desde la del\u00a0<strong>36<\/strong>\u00a0a los\u00a0<strong>millennials<\/strong>-.<\/p>\n<p><strong>\u00bfEn qu\u00e9 innovan y c\u00f3mo lo hacen?<\/strong><\/p>\n<p>Lo m\u00e1s destacable en la \u00faltima feria del sector es la\u00a0<strong>innovaci\u00f3n tecnol\u00f3gica.\u00a0<\/strong>Los nativos digitales son consumidores de\u00a0<strong>apps<\/strong>\u00a0funerarias, la globalizaci\u00f3n los hace presentes en los funerales en\u00a0<strong>streaming<\/strong>, una mayor preocupaci\u00f3n por el\u00a0<strong>medioambiente<\/strong>\u00a0abre las puertas a productos (f\u00e9retros y urnas cinerarias) con los\u00a0<strong>materiales biodegradables<\/strong>, interesados en los mapas gen\u00e9ticos y los recuerdos virtuales. Recientemente salt\u00f3 la noticia de un proyecto de\u00a0<a href=\"https:\/\/tacticacorporativa.es\/\" target=\"_blank\" rel=\"noopener noreferrer\">T\u00e1ctica Corporativa\u00a0<\/a>y la\u00a0<a href=\"http:\/\/www.uniovi.es\/\" target=\"_blank\" rel=\"noopener noreferrer\">Universidad de Oviedo<\/a>, pionero a nivel Europeo, para la recuperaci\u00f3n de energ\u00eda\u00a0<strong>ent\u00e1lpica<\/strong>\u00a0y\u00a0<strong>trigeneraci\u00f3n<\/strong>\u00a0de energ\u00eda limpia a con nuestra planta incineradora como piloto.<\/p>\n<p><img decoding=\"async\" class=\" wp-image-9426 aligncenter\" src=\"https:\/\/innovasturias.files.wordpress.com\/2019\/11\/logo-funeraria-gijonesa.jpg?w=470&amp;h=197\" sizes=\"(max-width: 470px) 100vw, 470px\" srcset=\"https:\/\/innovasturias.files.wordpress.com\/2019\/11\/logo-funeraria-gijonesa.jpg?w=470&amp;h=197 470w, https:\/\/innovasturias.files.wordpress.com\/2019\/11\/logo-funeraria-gijonesa.jpg?w=940&amp;h=394 940w, https:\/\/innovasturias.files.wordpress.com\/2019\/11\/logo-funeraria-gijonesa.jpg?w=150&amp;h=63 150w, https:\/\/innovasturias.files.wordpress.com\/2019\/11\/logo-funeraria-gijonesa.jpg?w=300&amp;h=126 300w, https:\/\/innovasturias.files.wordpress.com\/2019\/11\/logo-funeraria-gijonesa.jpg?w=768&amp;h=322 768w\" alt=\"MANUAL_FG\" width=\"470\" height=\"197\" data-attachment-id=\"9426\" data-permalink=\"https:\/\/innovasturias.blog\/2019\/11\/19\/funeraria-gijonesa-un-motor-de-la-ciudad-a-traves-de-la-innovacion-social-y-corporativa\/manual_fg\/\" data-orig-file=\"https:\/\/innovasturias.files.wordpress.com\/2019\/11\/logo-funeraria-gijonesa.jpg\" data-orig-size=\"1704,714\" data-comments-opened=\"1\" data-image-meta=\"{&quot;aperture&quot;:&quot;0&quot;,&quot;credit&quot;:&quot;&quot;,&quot;camera&quot;:&quot;&quot;,&quot;caption&quot;:&quot;&quot;,&quot;created_timestamp&quot;:&quot;0&quot;,&quot;copyright&quot;:&quot;&quot;,&quot;focal_length&quot;:&quot;0&quot;,&quot;iso&quot;:&quot;0&quot;,&quot;shutter_speed&quot;:&quot;0&quot;,&quot;title&quot;:&quot;MANUAL_FG&quot;,&quot;orientation&quot;:&quot;1&quot;}\" data-image-title=\"MANUAL_FG\" data-image-description=\"\" data-medium-file=\"https:\/\/innovasturias.files.wordpress.com\/2019\/11\/logo-funeraria-gijonesa.jpg?w=300\" data-large-file=\"https:\/\/innovasturias.files.wordpress.com\/2019\/11\/logo-funeraria-gijonesa.jpg?w=630\" \/><\/p>\n<p><strong>\u00bfC\u00f3mo le puede ayudar Innovasturias al fomento de la innovaci\u00f3n en su entidad?<\/strong><\/p>\n<p>Manteni\u00e9ndonos al d\u00eda de todas las innovaciones, compartiendo experiencias y conocimientos entre nosotros. Sin duda,\u00a0<strong>participando en una comunicaci\u00f3n sana<\/strong>\u00a0y pilotando una\u00a0<strong>correcta divulgaci\u00f3n<\/strong>\u00a0en la innovaci\u00f3n aplicada a nuestro sector. Ayudando a la desmitificaci\u00f3n de tab\u00faes entorno a nuestros servicios, apoyando e impulsando la correcta aplicaci\u00f3n de la\u00a0<strong>innovaci\u00f3n<\/strong>\u00a0y sus m\u00faltiples beneficios a favor de nuestros usuarios. Pr\u00e1cticamente todos los avances guardan, por dif\u00edcil que parezcan y por peque\u00f1os que sean, alg\u00fan punto de conexi\u00f3n aplicable a nuestro trabajo.<\/p>\n<p><strong>\u00bfY su visi\u00f3n de Asturias entorno a la innovaci\u00f3n?<\/strong><\/p>\n<p>Mi visi\u00f3n es fant\u00e1stica.\u00a0<strong>Asturias<\/strong>\u00a0est\u00e1 en unos\u00a0<strong>niveles estratosf\u00e9ricos<\/strong>\u00a0en cuanto a la innovaci\u00f3n. Ser\u00e1 porque estamos saturados de informaci\u00f3n o aquello de \u201cen casa del herrero cuchillo de palo\u201d, pero personalmente, por destacar un \u00e1rea de mejora, creo debemos replantearnos la forma de\u00a0<strong>comunicar, apoyar y agradecer el desarrollo regional y la retenci\u00f3n del talento<\/strong>. Apenas lucimos los \u00e9xitos conseguidos y no son pocos.<\/p>\n<p>&nbsp;<\/p>\n<p>Fuente: <a href=\"https:\/\/innovasturias.blog\/2019\/11\/19\/funeraria-gijonesa-un-motor-de-la-ciudad-a-traves-de-la-innovacion-social-y-corporativa\/\">Blog Innovasturias<\/a><\/p>\n","protected":false},"excerpt":{"rendered":"<p>Os compartimos una entrevista que realiz\u00f3 Innovasturias a nuestro Presidente Javier Fano Herrero. Buenos d\u00edas Javier. \u00bfPod\u00edas explicar a nuestros lectores c\u00f3mo funciona Funeraria Gijonesa y su dedicaci\u00f3n? Esa es una muy buena pregunta, y la respuesta puede no ser tan simple. Si nos limitamos a la definici\u00f3n de convenio, somos \u201cpompas f\u00fanebres\u201d, pero creo [&hellip;]<\/p>\n","protected":false},"author":1,"featured_media":7297,"comment_status":"closed","ping_status":"closed","sticky":false,"template":"","format":"standard","meta":{"footnotes":""},"categories":[2],"tags":[],"class_list":["post-7294","post","type-post","status-publish","format-standard","has-post-thumbnail","hentry","category-fglab"],"yoast_head":"<!-- This site is optimized with the Yoast SEO plugin v27.5 - https:\/\/yoast.com\/product\/yoast-seo-wordpress\/ -->\n<title>Funeraria Gijonesa, un motor de la ciudad a trav\u00e9s de la innovaci\u00f3n social y corporativa - Portal corporativo de servicios: Funeraria Gijonesa<\/title>\n<meta name=\"robots\" content=\"index, follow, max-snippet:-1, max-image-preview:large, max-video-preview:-1\" \/>\n<link rel=\"canonical\" href=\"https:\/\/serviciosfg.com\/blog\/funeraria-gijonesa-un-motor-de-la-ciudad-a-traves-de-la-innovacion-social-y-corporativa\/\" \/>\n<meta property=\"og:locale\" content=\"es_ES\" \/>\n<meta property=\"og:type\" content=\"article\" \/>\n<meta property=\"og:title\" content=\"Funeraria Gijonesa, un motor de la ciudad a trav\u00e9s de la innovaci\u00f3n social y corporativa - Portal corporativo de servicios: Funeraria Gijonesa\" \/>\n<meta property=\"og:description\" content=\"Os compartimos una entrevista que realiz\u00f3 Innovasturias a nuestro Presidente Javier Fano Herrero. Buenos d\u00edas Javier. \u00bfPod\u00edas explicar a nuestros lectores c\u00f3mo funciona Funeraria Gijonesa y su dedicaci\u00f3n? Esa es una muy buena pregunta, y la respuesta puede no ser tan simple. Si nos limitamos a la definici\u00f3n de convenio, somos \u201cpompas f\u00fanebres\u201d, pero creo [&hellip;]\" \/>\n<meta property=\"og:url\" content=\"https:\/\/serviciosfg.com\/blog\/funeraria-gijonesa-un-motor-de-la-ciudad-a-traves-de-la-innovacion-social-y-corporativa\/\" \/>\n<meta property=\"og:site_name\" content=\"Portal corporativo de servicios: Funeraria Gijonesa\" \/>\n<meta property=\"article:published_time\" content=\"2020-11-14T15:14:18+00:00\" \/>\n<meta property=\"article:modified_time\" content=\"2020-11-14T15:16:45+00:00\" \/>\n<meta property=\"og:image\" content=\"https:\/\/serviciosfg.com\/blog\/wp-content\/uploads\/2020\/11\/WhatsApp-Image-2020-10-09-at-09.18.51.jpeg\" \/>\n\t<meta property=\"og:image:width\" content=\"1600\" \/>\n\t<meta property=\"og:image:height\" content=\"1200\" \/>\n\t<meta property=\"og:image:type\" content=\"image\/jpeg\" \/>\n<meta name=\"author\" content=\"adminserv\" \/>\n<meta name=\"twitter:card\" content=\"summary_large_image\" \/>\n<meta name=\"twitter:label1\" content=\"Escrito por\" \/>\n\t<meta name=\"twitter:data1\" content=\"adminserv\" \/>\n\t<meta name=\"twitter:label2\" content=\"Tiempo de lectura\" \/>\n\t<meta name=\"twitter:data2\" content=\"5 minutos\" \/>\n<script type=\"application\/ld+json\" class=\"yoast-schema-graph\">{\"@context\":\"https:\\\/\\\/schema.org\",\"@graph\":[{\"@type\":\"Article\",\"@id\":\"https:\\\/\\\/serviciosfg.com\\\/blog\\\/funeraria-gijonesa-un-motor-de-la-ciudad-a-traves-de-la-innovacion-social-y-corporativa\\\/#article\",\"isPartOf\":{\"@id\":\"https:\\\/\\\/serviciosfg.com\\\/blog\\\/funeraria-gijonesa-un-motor-de-la-ciudad-a-traves-de-la-innovacion-social-y-corporativa\\\/\"},\"author\":{\"name\":\"adminserv\",\"@id\":\"https:\\\/\\\/serviciosfg.com\\\/blog\\\/#\\\/schema\\\/person\\\/81542ea7246faa714a5ae965b3d90d3c\"},\"headline\":\"Funeraria Gijonesa, un motor de la ciudad a trav\u00e9s de la innovaci\u00f3n social y corporativa\",\"datePublished\":\"2020-11-14T15:14:18+00:00\",\"dateModified\":\"2020-11-14T15:16:45+00:00\",\"mainEntityOfPage\":{\"@id\":\"https:\\\/\\\/serviciosfg.com\\\/blog\\\/funeraria-gijonesa-un-motor-de-la-ciudad-a-traves-de-la-innovacion-social-y-corporativa\\\/\"},\"wordCount\":941,\"image\":{\"@id\":\"https:\\\/\\\/serviciosfg.com\\\/blog\\\/funeraria-gijonesa-un-motor-de-la-ciudad-a-traves-de-la-innovacion-social-y-corporativa\\\/#primaryimage\"},\"thumbnailUrl\":\"https:\\\/\\\/serviciosfg.com\\\/blog\\\/wp-content\\\/uploads\\\/2020\\\/11\\\/WhatsApp-Image-2020-10-09-at-09.18.51.jpeg\",\"articleSection\":[\"fGLAB\"],\"inLanguage\":\"es\"},{\"@type\":\"WebPage\",\"@id\":\"https:\\\/\\\/serviciosfg.com\\\/blog\\\/funeraria-gijonesa-un-motor-de-la-ciudad-a-traves-de-la-innovacion-social-y-corporativa\\\/\",\"url\":\"https:\\\/\\\/serviciosfg.com\\\/blog\\\/funeraria-gijonesa-un-motor-de-la-ciudad-a-traves-de-la-innovacion-social-y-corporativa\\\/\",\"name\":\"Funeraria Gijonesa, un motor de la ciudad a trav\u00e9s de la innovaci\u00f3n social y corporativa - Portal corporativo de servicios: Funeraria Gijonesa\",\"isPartOf\":{\"@id\":\"https:\\\/\\\/serviciosfg.com\\\/blog\\\/#website\"},\"primaryImageOfPage\":{\"@id\":\"https:\\\/\\\/serviciosfg.com\\\/blog\\\/funeraria-gijonesa-un-motor-de-la-ciudad-a-traves-de-la-innovacion-social-y-corporativa\\\/#primaryimage\"},\"image\":{\"@id\":\"https:\\\/\\\/serviciosfg.com\\\/blog\\\/funeraria-gijonesa-un-motor-de-la-ciudad-a-traves-de-la-innovacion-social-y-corporativa\\\/#primaryimage\"},\"thumbnailUrl\":\"https:\\\/\\\/serviciosfg.com\\\/blog\\\/wp-content\\\/uploads\\\/2020\\\/11\\\/WhatsApp-Image-2020-10-09-at-09.18.51.jpeg\",\"datePublished\":\"2020-11-14T15:14:18+00:00\",\"dateModified\":\"2020-11-14T15:16:45+00:00\",\"author\":{\"@id\":\"https:\\\/\\\/serviciosfg.com\\\/blog\\\/#\\\/schema\\\/person\\\/81542ea7246faa714a5ae965b3d90d3c\"},\"breadcrumb\":{\"@id\":\"https:\\\/\\\/serviciosfg.com\\\/blog\\\/funeraria-gijonesa-un-motor-de-la-ciudad-a-traves-de-la-innovacion-social-y-corporativa\\\/#breadcrumb\"},\"inLanguage\":\"es\",\"potentialAction\":[{\"@type\":\"ReadAction\",\"target\":[\"https:\\\/\\\/serviciosfg.com\\\/blog\\\/funeraria-gijonesa-un-motor-de-la-ciudad-a-traves-de-la-innovacion-social-y-corporativa\\\/\"]}]},{\"@type\":\"ImageObject\",\"inLanguage\":\"es\",\"@id\":\"https:\\\/\\\/serviciosfg.com\\\/blog\\\/funeraria-gijonesa-un-motor-de-la-ciudad-a-traves-de-la-innovacion-social-y-corporativa\\\/#primaryimage\",\"url\":\"https:\\\/\\\/serviciosfg.com\\\/blog\\\/wp-content\\\/uploads\\\/2020\\\/11\\\/WhatsApp-Image-2020-10-09-at-09.18.51.jpeg\",\"contentUrl\":\"https:\\\/\\\/serviciosfg.com\\\/blog\\\/wp-content\\\/uploads\\\/2020\\\/11\\\/WhatsApp-Image-2020-10-09-at-09.18.51.jpeg\",\"width\":1600,\"height\":1200},{\"@type\":\"BreadcrumbList\",\"@id\":\"https:\\\/\\\/serviciosfg.com\\\/blog\\\/funeraria-gijonesa-un-motor-de-la-ciudad-a-traves-de-la-innovacion-social-y-corporativa\\\/#breadcrumb\",\"itemListElement\":[{\"@type\":\"ListItem\",\"position\":1,\"name\":\"Portada\",\"item\":\"https:\\\/\\\/serviciosfg.com\\\/blog\\\/\"},{\"@type\":\"ListItem\",\"position\":2,\"name\":\"Funeraria Gijonesa, un motor de la ciudad a trav\u00e9s de la innovaci\u00f3n social y corporativa\"}]},{\"@type\":\"WebSite\",\"@id\":\"https:\\\/\\\/serviciosfg.com\\\/blog\\\/#website\",\"url\":\"https:\\\/\\\/serviciosfg.com\\\/blog\\\/\",\"name\":\"Portal corporativo de servicios: Funeraria Gijonesa\",\"description\":\"\",\"potentialAction\":[{\"@type\":\"SearchAction\",\"target\":{\"@type\":\"EntryPoint\",\"urlTemplate\":\"https:\\\/\\\/serviciosfg.com\\\/blog\\\/?s={search_term_string}\"},\"query-input\":{\"@type\":\"PropertyValueSpecification\",\"valueRequired\":true,\"valueName\":\"search_term_string\"}}],\"inLanguage\":\"es\"},{\"@type\":\"Person\",\"@id\":\"https:\\\/\\\/serviciosfg.com\\\/blog\\\/#\\\/schema\\\/person\\\/81542ea7246faa714a5ae965b3d90d3c\",\"name\":\"adminserv\",\"image\":{\"@type\":\"ImageObject\",\"inLanguage\":\"es\",\"@id\":\"https:\\\/\\\/secure.gravatar.com\\\/avatar\\\/511f44ab83dc916d9a76a5e37e19ef413f4a786215ca7a98e2f2eeadc923e6e6?s=96&d=mm&r=g\",\"url\":\"https:\\\/\\\/secure.gravatar.com\\\/avatar\\\/511f44ab83dc916d9a76a5e37e19ef413f4a786215ca7a98e2f2eeadc923e6e6?s=96&d=mm&r=g\",\"contentUrl\":\"https:\\\/\\\/secure.gravatar.com\\\/avatar\\\/511f44ab83dc916d9a76a5e37e19ef413f4a786215ca7a98e2f2eeadc923e6e6?s=96&d=mm&r=g\",\"caption\":\"adminserv\"},\"sameAs\":[\"https:\\\/\\\/serviciosfg.obelisk-services.com\\\/blog\"]}]}<\/script>\n<!-- \/ Yoast SEO plugin. -->","yoast_head_json":{"title":"Funeraria Gijonesa, un motor de la ciudad a trav\u00e9s de la innovaci\u00f3n social y corporativa - Portal corporativo de servicios: Funeraria Gijonesa","robots":{"index":"index","follow":"follow","max-snippet":"max-snippet:-1","max-image-preview":"max-image-preview:large","max-video-preview":"max-video-preview:-1"},"canonical":"https:\/\/serviciosfg.com\/blog\/funeraria-gijonesa-un-motor-de-la-ciudad-a-traves-de-la-innovacion-social-y-corporativa\/","og_locale":"es_ES","og_type":"article","og_title":"Funeraria Gijonesa, un motor de la ciudad a trav\u00e9s de la innovaci\u00f3n social y corporativa - Portal corporativo de servicios: Funeraria Gijonesa","og_description":"Os compartimos una entrevista que realiz\u00f3 Innovasturias a nuestro Presidente Javier Fano Herrero. Buenos d\u00edas Javier. \u00bfPod\u00edas explicar a nuestros lectores c\u00f3mo funciona Funeraria Gijonesa y su dedicaci\u00f3n? Esa es una muy buena pregunta, y la respuesta puede no ser tan simple. Si nos limitamos a la definici\u00f3n de convenio, somos \u201cpompas f\u00fanebres\u201d, pero creo [&hellip;]","og_url":"https:\/\/serviciosfg.com\/blog\/funeraria-gijonesa-un-motor-de-la-ciudad-a-traves-de-la-innovacion-social-y-corporativa\/","og_site_name":"Portal corporativo de servicios: Funeraria Gijonesa","article_published_time":"2020-11-14T15:14:18+00:00","article_modified_time":"2020-11-14T15:16:45+00:00","og_image":[{"width":1600,"height":1200,"url":"https:\/\/serviciosfg.com\/blog\/wp-content\/uploads\/2020\/11\/WhatsApp-Image-2020-10-09-at-09.18.51.jpeg","type":"image\/jpeg"}],"author":"adminserv","twitter_card":"summary_large_image","twitter_misc":{"Escrito por":"adminserv","Tiempo de lectura":"5 minutos"},"schema":{"@context":"https:\/\/schema.org","@graph":[{"@type":"Article","@id":"https:\/\/serviciosfg.com\/blog\/funeraria-gijonesa-un-motor-de-la-ciudad-a-traves-de-la-innovacion-social-y-corporativa\/#article","isPartOf":{"@id":"https:\/\/serviciosfg.com\/blog\/funeraria-gijonesa-un-motor-de-la-ciudad-a-traves-de-la-innovacion-social-y-corporativa\/"},"author":{"name":"adminserv","@id":"https:\/\/serviciosfg.com\/blog\/#\/schema\/person\/81542ea7246faa714a5ae965b3d90d3c"},"headline":"Funeraria Gijonesa, un motor de la ciudad a trav\u00e9s de la innovaci\u00f3n social y corporativa","datePublished":"2020-11-14T15:14:18+00:00","dateModified":"2020-11-14T15:16:45+00:00","mainEntityOfPage":{"@id":"https:\/\/serviciosfg.com\/blog\/funeraria-gijonesa-un-motor-de-la-ciudad-a-traves-de-la-innovacion-social-y-corporativa\/"},"wordCount":941,"image":{"@id":"https:\/\/serviciosfg.com\/blog\/funeraria-gijonesa-un-motor-de-la-ciudad-a-traves-de-la-innovacion-social-y-corporativa\/#primaryimage"},"thumbnailUrl":"https:\/\/serviciosfg.com\/blog\/wp-content\/uploads\/2020\/11\/WhatsApp-Image-2020-10-09-at-09.18.51.jpeg","articleSection":["fGLAB"],"inLanguage":"es"},{"@type":"WebPage","@id":"https:\/\/serviciosfg.com\/blog\/funeraria-gijonesa-un-motor-de-la-ciudad-a-traves-de-la-innovacion-social-y-corporativa\/","url":"https:\/\/serviciosfg.com\/blog\/funeraria-gijonesa-un-motor-de-la-ciudad-a-traves-de-la-innovacion-social-y-corporativa\/","name":"Funeraria Gijonesa, un motor de la ciudad a trav\u00e9s de la innovaci\u00f3n social y corporativa - Portal corporativo de servicios: Funeraria Gijonesa","isPartOf":{"@id":"https:\/\/serviciosfg.com\/blog\/#website"},"primaryImageOfPage":{"@id":"https:\/\/serviciosfg.com\/blog\/funeraria-gijonesa-un-motor-de-la-ciudad-a-traves-de-la-innovacion-social-y-corporativa\/#primaryimage"},"image":{"@id":"https:\/\/serviciosfg.com\/blog\/funeraria-gijonesa-un-motor-de-la-ciudad-a-traves-de-la-innovacion-social-y-corporativa\/#primaryimage"},"thumbnailUrl":"https:\/\/serviciosfg.com\/blog\/wp-content\/uploads\/2020\/11\/WhatsApp-Image-2020-10-09-at-09.18.51.jpeg","datePublished":"2020-11-14T15:14:18+00:00","dateModified":"2020-11-14T15:16:45+00:00","author":{"@id":"https:\/\/serviciosfg.com\/blog\/#\/schema\/person\/81542ea7246faa714a5ae965b3d90d3c"},"breadcrumb":{"@id":"https:\/\/serviciosfg.com\/blog\/funeraria-gijonesa-un-motor-de-la-ciudad-a-traves-de-la-innovacion-social-y-corporativa\/#breadcrumb"},"inLanguage":"es","potentialAction":[{"@type":"ReadAction","target":["https:\/\/serviciosfg.com\/blog\/funeraria-gijonesa-un-motor-de-la-ciudad-a-traves-de-la-innovacion-social-y-corporativa\/"]}]},{"@type":"ImageObject","inLanguage":"es","@id":"https:\/\/serviciosfg.com\/blog\/funeraria-gijonesa-un-motor-de-la-ciudad-a-traves-de-la-innovacion-social-y-corporativa\/#primaryimage","url":"https:\/\/serviciosfg.com\/blog\/wp-content\/uploads\/2020\/11\/WhatsApp-Image-2020-10-09-at-09.18.51.jpeg","contentUrl":"https:\/\/serviciosfg.com\/blog\/wp-content\/uploads\/2020\/11\/WhatsApp-Image-2020-10-09-at-09.18.51.jpeg","width":1600,"height":1200},{"@type":"BreadcrumbList","@id":"https:\/\/serviciosfg.com\/blog\/funeraria-gijonesa-un-motor-de-la-ciudad-a-traves-de-la-innovacion-social-y-corporativa\/#breadcrumb","itemListElement":[{"@type":"ListItem","position":1,"name":"Portada","item":"https:\/\/serviciosfg.com\/blog\/"},{"@type":"ListItem","position":2,"name":"Funeraria Gijonesa, un motor de la ciudad a trav\u00e9s de la innovaci\u00f3n social y corporativa"}]},{"@type":"WebSite","@id":"https:\/\/serviciosfg.com\/blog\/#website","url":"https:\/\/serviciosfg.com\/blog\/","name":"Portal corporativo de servicios: Funeraria Gijonesa","description":"","potentialAction":[{"@type":"SearchAction","target":{"@type":"EntryPoint","urlTemplate":"https:\/\/serviciosfg.com\/blog\/?s={search_term_string}"},"query-input":{"@type":"PropertyValueSpecification","valueRequired":true,"valueName":"search_term_string"}}],"inLanguage":"es"},{"@type":"Person","@id":"https:\/\/serviciosfg.com\/blog\/#\/schema\/person\/81542ea7246faa714a5ae965b3d90d3c","name":"adminserv","image":{"@type":"ImageObject","inLanguage":"es","@id":"https:\/\/secure.gravatar.com\/avatar\/511f44ab83dc916d9a76a5e37e19ef413f4a786215ca7a98e2f2eeadc923e6e6?s=96&d=mm&r=g","url":"https:\/\/secure.gravatar.com\/avatar\/511f44ab83dc916d9a76a5e37e19ef413f4a786215ca7a98e2f2eeadc923e6e6?s=96&d=mm&r=g","contentUrl":"https:\/\/secure.gravatar.com\/avatar\/511f44ab83dc916d9a76a5e37e19ef413f4a786215ca7a98e2f2eeadc923e6e6?s=96&d=mm&r=g","caption":"adminserv"},"sameAs":["https:\/\/serviciosfg.obelisk-services.com\/blog"]}]}},"_links":{"self":[{"href":"https:\/\/serviciosfg.com\/blog\/wp-json\/wp\/v2\/posts\/7294","targetHints":{"allow":["GET"]}}],"collection":[{"href":"https:\/\/serviciosfg.com\/blog\/wp-json\/wp\/v2\/posts"}],"about":[{"href":"https:\/\/serviciosfg.com\/blog\/wp-json\/wp\/v2\/types\/post"}],"author":[{"embeddable":true,"href":"https:\/\/serviciosfg.com\/blog\/wp-json\/wp\/v2\/users\/1"}],"replies":[{"embeddable":true,"href":"https:\/\/serviciosfg.com\/blog\/wp-json\/wp\/v2\/comments?post=7294"}],"version-history":[{"count":5,"href":"https:\/\/serviciosfg.com\/blog\/wp-json\/wp\/v2\/posts\/7294\/revisions"}],"predecessor-version":[{"id":7300,"href":"https:\/\/serviciosfg.com\/blog\/wp-json\/wp\/v2\/posts\/7294\/revisions\/7300"}],"wp:featuredmedia":[{"embeddable":true,"href":"https:\/\/serviciosfg.com\/blog\/wp-json\/wp\/v2\/media\/7297"}],"wp:attachment":[{"href":"https:\/\/serviciosfg.com\/blog\/wp-json\/wp\/v2\/media?parent=7294"}],"wp:term":[{"taxonomy":"category","embeddable":true,"href":"https:\/\/serviciosfg.com\/blog\/wp-json\/wp\/v2\/categories?post=7294"},{"taxonomy":"post_tag","embeddable":true,"href":"https:\/\/serviciosfg.com\/blog\/wp-json\/wp\/v2\/tags?post=7294"}],"curies":[{"name":"wp","href":"https:\/\/api.w.org\/{rel}","templated":true}]}}